{"id":2003,"date":"2017-07-12T15:58:44","date_gmt":"2017-07-12T13:58:44","guid":{"rendered":"https:\/\/www.maison-piloni.com\/?p=2003\/"},"modified":"2017-08-02T16:19:21","modified_gmt":"2017-08-02T14:19:21","slug":"stippvisite-in-arles","status":"publish","type":"post","link":"https:\/\/www.maison-piloni.com\/fr\/stippvisite-in-arles\/","title":{"rendered":"Stippvisite in Arles"},"content":{"rendered":"<p class=\"p1\"><span class=\"s1\"><strong>Arles<\/strong> ist eine der <strong>sehenswertesten St\u00e4dte<\/strong> der Provence und grenzt an die wilde Natur der <strong>Camargue<\/strong>. In der Geschichte war Arles immer von grosser Bedeutung und hat u.a. seine Bekanntheit durch den Maler Vincent Van Gogh erlangt.<\/span><\/p>\n<p class=\"p1\"><span class=\"s1\"> Kunstinteressierten sei der Besuch der <a href=\"http:\/\/www.fondation-vincentvangogh-arles.org\/\" target=\"_blank\" rel=\"noopener\"><strong>Fondation Vincent van Gogh<\/strong><\/a> ans Herz gelegt. Die Fondation zeigt zeitgen\u00f6ssische Kunst im Kontext des namensgebenden K\u00fcnstlers und einige wenige, wechselnde Werke van Gogh&rsquo;s. Aktuell und bis 17.9.2017 pr\u00e4sentiert sie die Werke der amerikanischen K\u00fcnstlerin <strong>Alice Neel<\/strong>.<\/span><\/p>\n<p class=\"p1\"><span class=\"s1\"> Die j\u00e4hrlich im Sommer gezeigte Schau <strong>\u00ab\u00a0<a href=\"https:\/\/www.rencontres-arles.com\/\" target=\"_blank\" rel=\"noopener\">Les Rencontres d&rsquo;Arles<\/a>\u00ab\u00a0<\/strong>\u00a0hat bereits am 3.7.2017 begonnen und l\u00e4uft bis 24.9.2017. <\/span><\/p>\n<p class=\"p1\"><span class=\"s1\">2018 wird das <strong>Kulturzentrum LUMAS<\/strong> er\u00f6ffnet. Das Geb\u00e4ude wurde vom kanadisch-amerikanischen Stararchitekten <strong>Frank O. Gehry<\/strong> entworfen. Die <strong>LUMAS Stiftung<\/strong>\u00a0finanziert des interdisziplin\u00e4res Kulturzentrums.<\/span><\/p>\n<h2>Link-Tipp<\/h2>\n<p><a href=\"https:\/\/tageswoche.ch\/politik\/die-kulturstadt-arles-waechst-ueber-sich-hinaus-dank-dem-engagement-von-maja-hoffmann\/\" target=\"_blank\" rel=\"noopener\">Die Kulturstadt Arles w\u00e4chst \u00fcber sich hinaus, dank dem Engagement von Maja Hoffmann<\/a><\/p>\n<div id='gallery-1' class='gallery galleryid-2003 gallery-columns-3 gallery-size-thumbnail'><figure class='gallery-item'>\n\t\t\t<div class='gallery-icon portrait'>\n\t\t\t\t<a href='https:\/\/www.maison-piloni.com\/fr\/arles6-2\/'><img loading=\"lazy\" decoding=\"async\" width=\"250\" height=\"333\" src=\"https:\/\/www.maison-piloni.com\/wp-content\/uploads\/2017\/07\/Arles6-250x333.jpg\" class=\"attachment-thumbnail size-thumbnail\" alt=\"\" srcset=\"https:\/\/www.maison-piloni.com\/wp-content\/uploads\/2017\/07\/Arles6-250x333.jpg 250w, https:\/\/www.maison-piloni.com\/wp-content\/uploads\/2017\/07\/Arles6-225x300.jpg 225w, https:\/\/www.maison-piloni.com\/wp-content\/uploads\/2017\/07\/Arles6.jpg 576w\" sizes=\"auto, (max-width: 250px) 100vw, 250px\" \/><\/a>\n\t\t\t<\/div><\/figure><figure class='gallery-item'>\n\t\t\t<div class='gallery-icon portrait'>\n\t\t\t\t<a href='https:\/\/www.maison-piloni.com\/fr\/arles7-2\/'><img loading=\"lazy\" decoding=\"async\" width=\"250\" height=\"333\" src=\"https:\/\/www.maison-piloni.com\/wp-content\/uploads\/2017\/07\/Arles7-250x333.jpg\" class=\"attachment-thumbnail size-thumbnail\" alt=\"\" srcset=\"https:\/\/www.maison-piloni.com\/wp-content\/uploads\/2017\/07\/Arles7-250x333.jpg 250w, https:\/\/www.maison-piloni.com\/wp-content\/uploads\/2017\/07\/Arles7-225x300.jpg 225w, https:\/\/www.maison-piloni.com\/wp-content\/uploads\/2017\/07\/Arles7.jpg 576w\" sizes=\"auto, (max-width: 250px) 100vw, 250px\" \/><\/a>\n\t\t\t<\/div><\/figure><figure class='gallery-item'>\n\t\t\t<div class='gallery-icon portrait'>\n\t\t\t\t<a href='https:\/\/www.maison-piloni.com\/fr\/img_4816-2\/'><img loading=\"lazy\" decoding=\"async\" width=\"250\" height=\"333\" src=\"https:\/\/www.maison-piloni.com\/wp-content\/uploads\/2017\/07\/IMG_4816-250x333.jpg\" class=\"attachment-thumbnail size-thumbnail\" alt=\"\" srcset=\"https:\/\/www.maison-piloni.com\/wp-content\/uploads\/2017\/07\/IMG_4816-250x333.jpg 250w, https:\/\/www.maison-piloni.com\/wp-content\/uploads\/2017\/07\/IMG_4816-225x300.jpg 225w, https:\/\/www.maison-piloni.com\/wp-content\/uploads\/2017\/07\/IMG_4816.jpg 576w\" sizes=\"auto, (max-width: 250px) 100vw, 250px\" \/><\/a>\n\t\t\t<\/div><\/figure><figure class='gallery-item'>\n\t\t\t<div class='gallery-icon landscape'>\n\t\t\t\t<a href='https:\/\/www.maison-piloni.com\/fr\/img_4813-2\/'><img loading=\"lazy\" decoding=\"async\" width=\"250\" height=\"188\" src=\"https:\/\/www.maison-piloni.com\/wp-content\/uploads\/2017\/07\/IMG_4813-250x188.jpg\" class=\"attachment-thumbnail size-thumbnail\" alt=\"\" srcset=\"https:\/\/www.maison-piloni.com\/wp-content\/uploads\/2017\/07\/IMG_4813-250x188.jpg 250w, https:\/\/www.maison-piloni.com\/wp-content\/uploads\/2017\/07\/IMG_4813-300x225.jpg 300w, https:\/\/www.maison-piloni.com\/wp-content\/uploads\/2017\/07\/IMG_4813-768x576.jpg 768w, https:\/\/www.maison-piloni.com\/wp-content\/uploads\/2017\/07\/IMG_4813.jpg 1024w\" sizes=\"auto, (max-width: 250px) 100vw, 250px\" \/><\/a>\n\t\t\t<\/div><\/figure><figure class='gallery-item'>\n\t\t\t<div class='gallery-icon landscape'>\n\t\t\t\t<a href='https:\/\/www.maison-piloni.com\/fr\/img_4818-2\/'><img loading=\"lazy\" decoding=\"async\" width=\"250\" height=\"188\" src=\"https:\/\/www.maison-piloni.com\/wp-content\/uploads\/2017\/07\/IMG_4818-250x188.jpg\" class=\"attachment-thumbnail size-thumbnail\" alt=\"\" srcset=\"https:\/\/www.maison-piloni.com\/wp-content\/uploads\/2017\/07\/IMG_4818-250x188.jpg 250w, https:\/\/www.maison-piloni.com\/wp-content\/uploads\/2017\/07\/IMG_4818-300x225.jpg 300w, https:\/\/www.maison-piloni.com\/wp-content\/uploads\/2017\/07\/IMG_4818-768x576.jpg 768w, https:\/\/www.maison-piloni.com\/wp-content\/uploads\/2017\/07\/IMG_4818.jpg 1024w\" sizes=\"auto, (max-width: 250px) 100vw, 250px\" \/><\/a>\n\t\t\t<\/div><\/figure><figure class='gallery-item'>\n\t\t\t<div class='gallery-icon landscape'>\n\t\t\t\t<a href='https:\/\/www.maison-piloni.com\/fr\/arles4-2\/'><img loading=\"lazy\" decoding=\"async\" width=\"250\" height=\"188\" src=\"https:\/\/www.maison-piloni.com\/wp-content\/uploads\/2017\/07\/Arles4-250x188.jpg\" class=\"attachment-thumbnail size-thumbnail\" alt=\"\" srcset=\"https:\/\/www.maison-piloni.com\/wp-content\/uploads\/2017\/07\/Arles4-250x188.jpg 250w, https:\/\/www.maison-piloni.com\/wp-content\/uploads\/2017\/07\/Arles4-300x225.jpg 300w, https:\/\/www.maison-piloni.com\/wp-content\/uploads\/2017\/07\/Arles4-768x576.jpg 768w, https:\/\/www.maison-piloni.com\/wp-content\/uploads\/2017\/07\/Arles4.jpg 1024w\" sizes=\"auto, (max-width: 250px) 100vw, 250px\" \/><\/a>\n\t\t\t<\/div><\/figure><figure class='gallery-item'>\n\t\t\t<div class='gallery-icon landscape'>\n\t\t\t\t<a href='https:\/\/www.maison-piloni.com\/fr\/img_4812-2\/'><img loading=\"lazy\" decoding=\"async\" width=\"250\" height=\"188\" src=\"https:\/\/www.maison-piloni.com\/wp-content\/uploads\/2017\/07\/IMG_4812-250x188.jpg\" class=\"attachment-thumbnail size-thumbnail\" alt=\"\" srcset=\"https:\/\/www.maison-piloni.com\/wp-content\/uploads\/2017\/07\/IMG_4812-250x188.jpg 250w, https:\/\/www.maison-piloni.com\/wp-content\/uploads\/2017\/07\/IMG_4812-300x225.jpg 300w, https:\/\/www.maison-piloni.com\/wp-content\/uploads\/2017\/07\/IMG_4812-768x576.jpg 768w, https:\/\/www.maison-piloni.com\/wp-content\/uploads\/2017\/07\/IMG_4812.jpg 1024w\" sizes=\"auto, (max-width: 250px) 100vw, 250px\" \/><\/a>\n\t\t\t<\/div><\/figure><figure class='gallery-item'>\n\t\t\t<div class='gallery-icon landscape'>\n\t\t\t\t<a href='https:\/\/www.maison-piloni.com\/fr\/img_4813-2-2\/'><img loading=\"lazy\" decoding=\"async\" width=\"250\" height=\"188\" src=\"https:\/\/www.maison-piloni.com\/wp-content\/uploads\/2017\/07\/IMG_4813-1-250x188.jpg\" class=\"attachment-thumbnail size-thumbnail\" alt=\"\" srcset=\"https:\/\/www.maison-piloni.com\/wp-content\/uploads\/2017\/07\/IMG_4813-1-250x188.jpg 250w, https:\/\/www.maison-piloni.com\/wp-content\/uploads\/2017\/07\/IMG_4813-1-300x225.jpg 300w, https:\/\/www.maison-piloni.com\/wp-content\/uploads\/2017\/07\/IMG_4813-1-768x576.jpg 768w, https:\/\/www.maison-piloni.com\/wp-content\/uploads\/2017\/07\/IMG_4813-1.jpg 1024w\" sizes=\"auto, (max-width: 250px) 100vw, 250px\" \/><\/a>\n\t\t\t<\/div><\/figure><figure class='gallery-item'>\n\t\t\t<div class='gallery-icon portrait'>\n\t\t\t\t<a href='https:\/\/www.maison-piloni.com\/fr\/arles3-2\/'><img loading=\"lazy\" decoding=\"async\" width=\"250\" height=\"333\" src=\"https:\/\/www.maison-piloni.com\/wp-content\/uploads\/2017\/07\/Arles3-250x333.jpg\" class=\"attachment-thumbnail size-thumbnail\" alt=\"\" srcset=\"https:\/\/www.maison-piloni.com\/wp-content\/uploads\/2017\/07\/Arles3-250x333.jpg 250w, https:\/\/www.maison-piloni.com\/wp-content\/uploads\/2017\/07\/Arles3-225x300.jpg 225w, https:\/\/www.maison-piloni.com\/wp-content\/uploads\/2017\/07\/Arles3.jpg 576w\" sizes=\"auto, (max-width: 250px) 100vw, 250px\" \/><\/a>\n\t\t\t<\/div><\/figure><figure class='gallery-item'>\n\t\t\t<div class='gallery-icon portrait'>\n\t\t\t\t<a href='https:\/\/www.maison-piloni.com\/fr\/arles5-2\/'><img loading=\"lazy\" decoding=\"async\" width=\"250\" height=\"333\" src=\"https:\/\/www.maison-piloni.com\/wp-content\/uploads\/2017\/07\/Arles5-250x333.jpg\" class=\"attachment-thumbnail size-thumbnail\" alt=\"\" srcset=\"https:\/\/www.maison-piloni.com\/wp-content\/uploads\/2017\/07\/Arles5-250x333.jpg 250w, https:\/\/www.maison-piloni.com\/wp-content\/uploads\/2017\/07\/Arles5-225x300.jpg 225w, https:\/\/www.maison-piloni.com\/wp-content\/uploads\/2017\/07\/Arles5.jpg 576w\" sizes=\"auto, (max-width: 250px) 100vw, 250px\" \/><\/a>\n\t\t\t<\/div><\/figure>\n\t\t<\/div>\n\n","protected":false},"excerpt":{"rendered":"<p>Arles ist eine der sehenswertesten St\u00e4dte der Provence und grenzt an die wilde Natur der Camargue. In der Geschichte war Arles immer von grosser Bedeutung und hat u.a. seine Bekanntheit durch den Maler Vincent Van Gogh erlangt. Kunstinteressierten sei der Besuch der Fondation Vincent van Gogh ans Herz gelegt. Die Fondation zeigt zeitgen\u00f6ssische Kunst im&#8230;<\/p>\n","protected":false},"author":2,"featured_media":2070,"comment_status":"closed","ping_status":"closed","sticky":false,"template":"","format":"standard","meta":{"_acf_changed":false,"footnotes":""},"categories":[19,17,18],"tags":[23,24],"class_list":["post-2003","post","type-post","status-publish","format-standard","has-post-thumbnail","hentry","category-kunst","category-provence","category-sehenswuerdigkeit","tag-arles","tag-museum"],"acf":[],"_links":{"self":[{"href":"https:\/\/www.maison-piloni.com\/fr\/wp-json\/wp\/v2\/posts\/2003\/"}],"collection":[{"href":"https:\/\/www.maison-piloni.com\/fr\/wp-json\/wp\/v2\/posts\/"}],"about":[{"href":"https:\/\/www.maison-piloni.com\/fr\/wp-json\/wp\/v2\/types\/post\/"}],"author":[{"embeddable":true,"href":"https:\/\/www.maison-piloni.com\/fr\/wp-json\/wp\/v2\/users\/2\/"}],"replies":[{"embeddable":true,"href":"https:\/\/www.maison-piloni.com\/fr\/wp-json\/wp\/v2\/comments\/?post=2003"}],"version-history":[{"count":7,"href":"https:\/\/www.maison-piloni.com\/fr\/wp-json\/wp\/v2\/posts\/2003\/revisions\/"}],"predecessor-version":[{"id":2088,"href":"https:\/\/www.maison-piloni.com\/fr\/wp-json\/wp\/v2\/posts\/2003\/revisions\/2088\/"}],"wp:featuredmedia":[{"embeddable":true,"href":"https:\/\/www.maison-piloni.com\/fr\/wp-json\/wp\/v2\/media\/2070\/"}],"wp:attachment":[{"href":"https:\/\/www.maison-piloni.com\/fr\/wp-json\/wp\/v2\/media\/?parent=2003"}],"wp:term":[{"taxonomy":"category","embeddable":true,"href":"https:\/\/www.maison-piloni.com\/fr\/wp-json\/wp\/v2\/categories\/?post=2003"},{"taxonomy":"post_tag","embeddable":true,"href":"https:\/\/www.maison-piloni.com\/fr\/wp-json\/wp\/v2\/tags\/?post=2003"}],"curies":[{"name":"wp","href":"https:\/\/api.w.org\/{rel}","templated":true}]}}